{"id":413,"date":"2018-02-02T00:05:09","date_gmt":"2018-02-02T02:05:09","guid":{"rendered":"http:\/\/sinsaudecp.com\/?p=413"},"modified":"2018-02-02T00:07:32","modified_gmt":"2018-02-02T02:07:32","slug":"tudo-sobre-a-febre-amarela","status":"publish","type":"post","link":"https:\/\/sinsaudecp.com\/?p=413","title":{"rendered":"Tudo sobre a FEBRE AMARELA"},"content":{"rendered":"<h1>O que \u00e9<\/h1>\n<p>A febre amarela \u00e9 uma doen\u00e7a infecciosa febril aguda, causada por um v\u00edrus transmitido por mosquitos vetores, e possui dois ciclos de transmiss\u00e3o: silvestre (quando h\u00e1 transmiss\u00e3o em \u00e1rea rural ou de floresta) e urbano. O v\u00edrus \u00e9 transmitido pela picada dos mosquitos transmissores infectados e n\u00e3o h\u00e1 transmiss\u00e3o direta de pessoa a pessoa. A doen\u00e7a tem import\u00e2ncia epidemiol\u00f3gica por sua gravidade cl\u00ednica e potencial de dissemina\u00e7\u00e3o em \u00e1reas urbanas infestadas pelo mosquito\u00a0<em>Aedes aegypti.<\/em><\/p>\n<h1>Transmiss\u00e3o<\/h1>\n<p>O v\u00edrus da febre amarela \u00e9 transmitido pela picada dos mosquitos transmissores infectados. A doen\u00e7a n\u00e3o \u00e9 passada de pessoa a pessoa. A vacina \u00e9 a principal ferramenta de preven\u00e7\u00e3o e controle da doen\u00e7a.<\/p>\n<p>H\u00e1 dois diferentes ciclos epidemiol\u00f3gicos de transmiss\u00e3o, o silvestre e o urbano. Mas a doen\u00e7a tem as mesmas caracter\u00edsticas sob o ponto de vista etiol\u00f3gico, cl\u00ednico, imunol\u00f3gico e fisiopatol\u00f3gico. No ciclo silvestre da febre amarela, os primatas n\u00e3o humanos (macacos) s\u00e3o os principais hospedeiros e amplificadores do v\u00edrus e os vetores s\u00e3o mosquitos com h\u00e1bitos estritamente silvestres, sendo os g\u00eaneros\u00a0<em>Haemagogus<\/em>\u00a0e\u00a0<em>Sabethes<\/em>\u00a0os mais importantes na Am\u00e9rica Latina. Nesse ciclo, o homem participa como um hospedeiro acidental ao adentrar \u00e1reas de mata. No ciclo urbano, o homem \u00e9 o \u00fanico hospedeiro com import\u00e2ncia epidemiol\u00f3gica e a transmiss\u00e3o ocorre a partir de vetores urbanos (<em>Aedes aegypti<\/em>) infectados.<\/p>\n<p>\u00c9 importante informar que o ciclo da doen\u00e7a atualmente \u00e9 silvestre, com transmiss\u00e3o por meio de vetor (mosquitos dos g\u00eaneros Haemagogus e Sabethes no ambiente silvestre). O \u00faltimo caso de febre amarela urbana foi registrado no\u00a0<strong>Brasil em 1942<\/strong>, e todos os casos confirmados desde ent\u00e3o decorrem do ciclo silvestre de transmiss\u00e3o.<\/p>\n<p>A pessoa apresenta os sintomas iniciais\u00a0<strong>3 a 6 dias<\/strong>\u00a0ap\u00f3s ter sido infectada.<\/p>\n<h1>Sintomas<\/h1>\n<p><img data-attachment-id=\"414\" data-permalink=\"https:\/\/sinsaudecp.com\/?attachment_id=414\" data-orig-file=\"https:\/\/sinsaudecp.com\/wp-content\/uploads\/febre-amarela-sintomas-febre-dores-nauseas-fadiga-hemorragia-.jpg\" data-orig-size=\"581,603\" data-comments-opened=\"1\" data-image-meta=\"{&quot;aperture&quot;:&quot;0&quot;,&quot;credit&quot;:&quot;&quot;,&quot;camera&quot;:&quot;&quot;,&quot;caption&quot;:&quot;&quot;,&quot;created_timestamp&quot;:&quot;0&quot;,&quot;copyright&quot;:&quot;&quot;,&quot;focal_length&quot;:&quot;0&quot;,&quot;iso&quot;:&quot;0&quot;,&quot;shutter_speed&quot;:&quot;0&quot;,&quot;title&quot;:&quot;&quot;,&quot;orientation&quot;:&quot;0&quot;}\" data-image-title=\"febre-amarela-sintomas-febre-dores-nauseas-fadiga-hemorragia&#8211;\" data-image-description=\"\" data-image-caption=\"\" data-medium-file=\"https:\/\/sinsaudecp.com\/wp-content\/uploads\/febre-amarela-sintomas-febre-dores-nauseas-fadiga-hemorragia--289x300.jpg\" data-large-file=\"https:\/\/sinsaudecp.com\/wp-content\/uploads\/febre-amarela-sintomas-febre-dores-nauseas-fadiga-hemorragia-.jpg\" loading=\"lazy\" class=\"alignnone size-medium wp-image-414\" style=\"float: right;\" src=\"https:\/\/sinsaudecp.com\/wp-content\/uploads\/febre-amarela-sintomas-febre-dores-nauseas-fadiga-hemorragia--289x300.jpg\" alt=\"febre-amarela-sintomas-febre-dores-nauseas-fadiga-hemorragia--\" width=\"289\" height=\"300\" srcset=\"https:\/\/sinsaudecp.com\/wp-content\/uploads\/febre-amarela-sintomas-febre-dores-nauseas-fadiga-hemorragia--289x300.jpg 289w, https:\/\/sinsaudecp.com\/wp-content\/uploads\/febre-amarela-sintomas-febre-dores-nauseas-fadiga-hemorragia-.jpg 581w\" sizes=\"(max-width: 289px) 100vw, 289px\" \/><br \/>\nOs sintomas iniciais da febre amarela incluem o in\u00edcio s\u00fabito de febre, calafrios, dor de cabe\u00e7a intensa, dores nas costas, dores no corpo em geral, n\u00e1useas e v\u00f4mitos, fadiga e fraqueza. A maioria das pessoas melhora ap\u00f3s estes sintomas iniciais. No entanto, cerca de 15% apresentam um breve per\u00edodo de horas a um dia sem sintomas e, ent\u00e3o, desenvolvem uma forma mais grave da doen\u00e7a.<\/p>\n<p>Em casos graves, a pessoa pode desenvolver febre alta, icter\u00edcia (colora\u00e7\u00e3o amarelada da pele e do branco dos olhos), hemorragia (especialmente a partir do trato gastrointestinal) e, eventualmente, choque e insufici\u00eancia de m\u00faltiplos \u00f3rg\u00e3os. Cerca de 20% a 50% das pessoas que desenvolvem doen\u00e7a grave podem morrer.<\/p>\n<p>Depois de identificar alguns desses sintomas, procure um m\u00e9dico na unidade de sa\u00fade mais pr\u00f3xima e informe sobre qualquer viagem para \u00e1reas de risco nos 15 dias anteriores ao in\u00edcio dos sintomas, e se voc\u00ea observou mortandade de macacos pr\u00f3ximo aos lugares que voc\u00ea visitou. Informe, ainda, se voc\u00ea tomou a vacina contra a febre amarela, e a data.<\/p>\n<hr \/>\n<h1><\/h1>\n<div id=\"content\" class=\"span9 internas\">\n<section id=\"content-section\">\n<div class=\"row-fluid\">\n<div class=\"item-page internas2\">\n<h1>Tratamento<\/h1>\n<p>O tratamento \u00e9 apenas sintom\u00e1tico, com cuidadosa assist\u00eancia ao paciente que, sob hospitaliza\u00e7\u00e3o, deve permanecer em repouso, com reposi\u00e7\u00e3o de l\u00edquidos e das perdas sangu\u00edneas, quando indicado. Nas formas graves, o paciente deve ser atendido em Unidade de Terapia Intensiva (UTI), para reduzir as complica\u00e7\u00f5es e o risco de \u00f3bito. Medicamentos salicilatos devem ser evitados (AAS e Aspirina), j\u00e1 que o uso pode favorecer o aparecimento de manifesta\u00e7\u00f5es hemorr\u00e1gicas. O m\u00e9dico deve estar alerta para quaisquer indica\u00e7\u00f5es de um agravamento do quadro cl\u00ednico.<\/p>\n<h1>Preven\u00e7\u00e3o<\/h1>\n<p>O Sistema \u00danico de Sa\u00fade oferta vacina contra febre amarela para a popula\u00e7\u00e3o. Desde abril de 2017, o Brasil adota o esquema vacinal de apenas uma dose durante toda a vida, medida que est\u00e1 de acordo com as recomenda\u00e7\u00f5es da Organiza\u00e7\u00e3o Mundial de Sa\u00fade (OMS). Toda pessoa que reside em \u00c1reas com Recomenda\u00e7\u00e3o da Vacina contra febre amarela e pessoas que v\u00e3o viajar para essas \u00e1reas deve se imunizar.<\/p>\n<p>A vacina\u00e7\u00e3o para febre amarela \u00e9 ofertada na rotina dos\u00a0<a href=\"http:\/\/portalarquivos2.saude.gov.br\/http:\/\/portalarquivos2.saude.gov.br\/images\/listavacinacaofa.pdf\" target=\"_blank\">munic\u00edpios com recomenda\u00e7\u00e3o de vacina\u00e7\u00e3o<\/a>\u00a0nos seguintes estados: Acre, Amazonas, Amap\u00e1, Par\u00e1, Rond\u00f4nia, Roraima, Tocantins, Distrito Federal, Goi\u00e1s, Mato Grosso do Sul, Mato Grosso, Bahia, Maranh\u00e3o, Piau\u00ed, Minas Gerais, S\u00e3o Paulo, Rio de Janeiro, Paran\u00e1, Rio Grande do Sul e Santa Catarina. Al\u00e9m das \u00e1reas com recomenda\u00e7\u00e3o, neste momento, tamb\u00e9m est\u00e1 sendo vacinada a popula\u00e7\u00e3o do Esp\u00edrito Santo.<\/p>\n<h1>\u00c1reas de risco<\/h1>\n<p>Locais que t\u00eam matas e rios, onde o v\u00edrus e seus hospedeiros e vetores ocorrem naturalmente, s\u00e3o consideradas como \u00e1reas de risco. No Brasil, no entanto, a vacina\u00e7\u00e3o \u00e9 recomendada para as pessoas a partir de 9 meses de idade conforme orienta\u00e7\u00f5es para vacina\u00e7\u00e3o e que residem ou se deslocam para os munic\u00edpios que comp\u00f5em a \u00c1rea Com Recomenda\u00e7\u00e3o de Vacina.<\/p>\n<p><a class=\"link2-egov\" href=\"http:\/\/portalarquivos2.saude.gov.br\/images\/listavacinacaofa.pdf\" target=\"_blank\">Atualiza\u00e7\u00e3o das \u00e1reas de recomenda\u00e7\u00e3o para vacina\u00e7\u00e3o contra febre amarela<\/a><\/p>\n<p><a class=\"link2-egov\" href=\"http:\/\/portalarquivos2.saude.gov.br\/images\/pdf\/2018\/janeiro\/19\/municipios-fracionamento-febre-amarela.pdf\" target=\"_blank\" rel=\"noopener noreferrer\">Lista dos munic\u00edpios de SP, RJ e BA que ter\u00e3o campanha de vacina\u00e7\u00e3o com a dose fracionada contra febre amarela<\/a><\/p>\n<\/div>\n<p>Fonte:\u00a0http:\/\/portalms.saude.gov.br\/saude-de-a-z\/febre-amarela-sintomas-transmissao-e-prevencao<\/p>\n<\/div>\n<\/section>\n<\/div>\n","protected":false},"excerpt":{"rendered":"O que \u00e9 A febre amarela \u00e9 uma doen\u00e7a infecciosa febril aguda, causada por um v\u00edrus transmitido por mosquitos vetores, e possui dois \n<a class=\"moretag\" href=\"https:\/\/sinsaudecp.com\/?p=413\"> [Continuar leitura]<\/a>","protected":false},"author":1,"featured_media":415,"comment_status":"open","ping_status":"open","sticky":false,"template":"","format":"standard","meta":{"spay_email":"","jetpack_publicize_message":"","jetpack_is_tweetstorm":false,"jetpack_publicize_feature_enabled":true},"categories":[6,8],"tags":[],"jetpack_featured_media_url":"https:\/\/sinsaudecp.com\/wp-content\/uploads\/febreamarela.jpg","jetpack_publicize_connections":[],"jetpack_sharing_enabled":true,"jetpack_shortlink":"https:\/\/wp.me\/p72KuO-6F","jetpack-related-posts":[{"id":94,"url":"https:\/\/sinsaudecp.com\/?p=94","url_meta":{"origin":413,"position":0},"title":"Evitar picada de mosquitos previne doen\u00e7as como mal\u00e1ria e dengue","date":"19 de janeiro de 2016","format":false,"excerpt":"Dengue, febre amarela, mal\u00e1ria, filariose, leishmaniose. Voc\u00ea sabia que todas essas doen\u00e7as s\u00e3o transmitidas por mosquitos? Esses mosquitos funcionam como um vetor, ou seja, \u00e9 ele que faz a transmiss\u00e3o da doen\u00e7a. Por sermos um pa\u00eds tropical, possu\u00edmos uma grande quantidade desses insetos em nosso meio. O mosquito Aedes aegypti\u2026","rel":"","context":"Em &quot;Not\u00edcias&quot;","img":{"alt_text":"","src":"https:\/\/i0.wp.com\/sinsaudecp.com\/wp-content\/uploads\/saude-chikungunya-virus-69584.jpg?resize=350%2C200&ssl=1","width":350,"height":200},"classes":[]},{"id":6,"url":"https:\/\/sinsaudecp.com\/?p=6","url_meta":{"origin":413,"position":1},"title":"CAMPANHA DEZEMBRO VERMELHO ALERTA SOBRE PREVEN\u00c7\u00c3O DA AIDS","date":"19 de janeiro de 2016","format":false,"excerpt":"O m\u00eas de dezembro \u00e9 lembrado em todo o mundo como o per\u00edodo de preven\u00e7\u00e3o e combate \u00e0 Aids. Durante esse per\u00edodo, os agentes e profissionais das unidades de sa\u00fade do munic\u00edpio tamb\u00e9m refor\u00e7am as a\u00e7\u00f5es de diagn\u00f3stico e tratamento da doen\u00e7a. De acordo com a coordenadora da Aten\u00e7\u00e3o B\u00e1sica,\u2026","rel":"","context":"Em &quot;Not\u00edcias&quot;","img":{"alt_text":"","src":"https:\/\/i0.wp.com\/sinsaudecp.com\/wp-content\/uploads\/dez.jpg?resize=350%2C200&ssl=1","width":350,"height":200},"classes":[]},{"id":191,"url":"https:\/\/sinsaudecp.com\/?p=191","url_meta":{"origin":413,"position":2},"title":"Saiba quem deve se vacinar contra a febre amarela","date":"16 de fevereiro de 2017","format":false,"excerpt":"- Qual o esquema vacinal recomendado pelo Minist\u00e9rio da Sa\u00fade para a febre amarela? Carla Domingues: O esquema da febre amarela \u00e9 de duas doses, tanto para adultos quanto para crian\u00e7as. As crian\u00e7as devem receber as vacinas aos nove meses e aos quatro anos de idade. Assim, a prote\u00e7\u00e3o est\u00e1\u2026","rel":"","context":"Em &quot;Not\u00edcias&quot;","img":{"alt_text":"","src":"https:\/\/i0.wp.com\/sinsaudecp.com\/wp-content\/uploads\/febre-amarela.jpg?resize=350%2C200&ssl=1","width":350,"height":200},"classes":[]},{"id":157,"url":"https:\/\/sinsaudecp.com\/?p=157","url_meta":{"origin":413,"position":3},"title":"Gripe ou resfriado? Voc\u00ea sabe a diferen\u00e7a?","date":"16 de agosto de 2016","format":false,"excerpt":"Resfriados S\u00e3o extremamente comuns, afetando quase toda a popula\u00e7\u00e3o pelo menos uma vez ao ano. Seus sintomas s\u00e3o: dor e irrita\u00e7\u00e3o na garganta, congest\u00e3o nasal, coriza, tosse, espirros e febre baixa em raras ocasi\u00f5es. Diferente da gripe, pacientes com resfriado n\u00e3o costumam ter a disposi\u00e7\u00e3o prejudicada. \u201cO resfriado n\u00e3o costuma\u2026","rel":"","context":"Em &quot;Not\u00edcias&quot;","img":{"alt_text":"","src":"https:\/\/i0.wp.com\/sinsaudecp.com\/wp-content\/uploads\/destaque-364314-gripe.jpg?resize=350%2C200&ssl=1","width":350,"height":200},"classes":[]},{"id":147,"url":"https:\/\/sinsaudecp.com\/?p=147","url_meta":{"origin":413,"position":4},"title":"07 de abril &#8211; Dia Mundial da Sa\u00fade","date":"7 de abril de 2016","format":false,"excerpt":"O Dia Mundial da Sa\u00fade \u00e9 comemorado em 07 de abril porque essa data coincide com a data de cria\u00e7\u00e3o da Organiza\u00e7\u00e3o Mundial da Sa\u00fade (OMS) em 1948. O objetivo dessa comemora\u00e7\u00e3o \u00e9 conscientizar a popula\u00e7\u00e3o a respeito da import\u00e2ncia de manter o corpo e a mente saud\u00e1veis e tamb\u00e9m\u2026","rel":"","context":"Em &quot;Not\u00edcias&quot;","img":{"alt_text":"","src":"https:\/\/i0.wp.com\/sinsaudecp.com\/wp-content\/uploads\/0504_FB_Dia_da_Sau\u0301de-01.jpg?resize=350%2C200&ssl=1","width":350,"height":200},"classes":[]},{"id":154,"url":"https:\/\/sinsaudecp.com\/?p=154","url_meta":{"origin":413,"position":5},"title":"Paran\u00e1 inicia campanha in\u00e9dita de vacina\u00e7\u00e3o contra a dengue","date":"16 de agosto de 2016","format":false,"excerpt":"Trinta munic\u00edpios do Paran\u00e1 come\u00e7aram a oferecer doses de vacina contra a dengue na rede p\u00fablica de sa\u00fade neste fim de semana. O Dia D da primeira campanha de vacina\u00e7\u00e3o contra a dengue das Am\u00e9ricas foi nesse s\u00e1bado (13). A expectativa do governo \u00e9 imunizar cerca de 500 mil pessoas.\u2026","rel":"","context":"Em &quot;Not\u00edcias&quot;","img":{"alt_text":"","src":"https:\/\/i0.wp.com\/sinsaudecp.com\/wp-content\/uploads\/Vacina-contra-dengue.jpg?resize=350%2C200&ssl=1","width":350,"height":200},"classes":[]}],"_links":{"self":[{"href":"https:\/\/sinsaudecp.com\/index.php?rest_route=\/wp\/v2\/posts\/413"}],"collection":[{"href":"https:\/\/sinsaudecp.com\/index.php?rest_route=\/wp\/v2\/posts"}],"about":[{"href":"https:\/\/sinsaudecp.com\/index.php?rest_route=\/wp\/v2\/types\/post"}],"author":[{"embeddable":true,"href":"https:\/\/sinsaudecp.com\/index.php?rest_route=\/wp\/v2\/users\/1"}],"replies":[{"embeddable":true,"href":"https:\/\/sinsaudecp.com\/index.php?rest_route=%2Fwp%2Fv2%2Fcomments&post=413"}],"version-history":[{"count":3,"href":"https:\/\/sinsaudecp.com\/index.php?rest_route=\/wp\/v2\/posts\/413\/revisions"}],"predecessor-version":[{"id":418,"href":"https:\/\/sinsaudecp.com\/index.php?rest_route=\/wp\/v2\/posts\/413\/revisions\/418"}],"wp:featuredmedia":[{"embeddable":true,"href":"https:\/\/sinsaudecp.com\/index.php?rest_route=\/wp\/v2\/media\/415"}],"wp:attachment":[{"href":"https:\/\/sinsaudecp.com\/index.php?rest_route=%2Fwp%2Fv2%2Fmedia&parent=413"}],"wp:term":[{"taxonomy":"category","embeddable":true,"href":"https:\/\/sinsaudecp.com\/index.php?rest_route=%2Fwp%2Fv2%2Fcategories&post=413"},{"taxonomy":"post_tag","embeddable":true,"href":"https:\/\/sinsaudecp.com\/index.php?rest_route=%2Fwp%2Fv2%2Ftags&post=413"}],"curies":[{"name":"wp","href":"https:\/\/api.w.org\/{rel}","templated":true}]}}