{"id":380,"date":"2018-01-02T13:35:12","date_gmt":"2018-01-02T15:35:12","guid":{"rendered":"http:\/\/sinsaudecp.com\/?p=380"},"modified":"2018-01-02T13:35:12","modified_gmt":"2018-01-02T15:35:12","slug":"como-identificar-os-primeiros-sintomas-de-derrame-cerebral","status":"publish","type":"post","link":"https:\/\/sinsaudecp.com\/?p=380","title":{"rendered":"Como identificar os primeiros sintomas de derrame cerebral"},"content":{"rendered":"<div class=\"mc-column content-text active-extra-styles active-capital-letter\" data-block-type=\"unstyled\" data-block-weight=\"30\" data-block-id=\"2\">\n<p class=\"content-text__container theme-color-primary-first-letter\" data-track-category=\"Link no Texto\" data-track-links=\"\">ajuda m\u00e9dica imediata \u00e9 fundamental para limitar os danos ao c\u00e9rebro, muitas vezes devastadores, de pacientes que sofrem um Acidente Vascular Cerebral (AVC) \u2013 conhecido tamb\u00e9m como derrame cerebral.<\/p>\n<\/div>\n<div class=\"mc-column content-text active-extra-styles \" data-block-type=\"unstyled\" data-block-weight=\"21\" data-block-id=\"3\">\n<p class=\"content-text__container \" data-track-category=\"Link no Texto\" data-track-links=\"\">Tal interven\u00e7\u00e3o pode, de fato, marcar a diferen\u00e7a entre ter uma les\u00e3o cerebral leve ou uma grave incapacidade ou at\u00e9 morte.<\/p>\n<\/div>\n<div class=\"mc-column content-text active-extra-styles \" data-block-type=\"unstyled\" data-block-weight=\"33\" data-block-id=\"4\">\n<p class=\"content-text__container \" data-track-category=\"Link no Texto\" data-track-links=\"\">No entanto, a maioria das pessoas que sofre deste mal n\u00e3o identifica o que est\u00e1 acontecendo no momento de um derrame e deixa de buscar ajuda mesmo v\u00e1rias horas depois dos primeiros sintomas.<\/p>\n<\/div>\n<div class=\"mc-column content-text active-extra-styles \" data-block-type=\"unstyled\" data-block-weight=\"33\" data-block-id=\"5\">\n<p class=\"content-text__container \" data-track-category=\"Link no Texto\" data-track-links=\"\">Com frequ\u00eancia, os pacientes minimizam estes sintomas, acreditando que s\u00e3o tempor\u00e1rios e v\u00e3o desaparecer. Mas, ap\u00f3s poucos minutos em que a circula\u00e7\u00e3o de sangue no c\u00e9rebro \u00e9 interrompida, as c\u00e9lulas come\u00e7am a morrer.<\/p>\n<\/div>\n<div class=\"mc-column content-text active-extra-styles\" data-block-type=\"raw\" data-block-weight=\"3\" data-block-id=\"6\">\n<div class=\"content-intertitle\">\n<h2>Sintomas de alarme<\/h2>\n<\/div>\n<\/div>\n<div class=\"mc-column content-text active-extra-styles \" data-block-type=\"unstyled\" data-block-weight=\"32\" data-block-id=\"7\">\n<p class=\"content-text__container \" data-track-category=\"Link no Texto\" data-track-links=\"\">O sintoma mais comum de um derrame \u00e9 a fraqueza repentina no rosto, no bra\u00e7o ou na perna, quase sempre em um lado do corpo, segundo a Organiza\u00e7\u00e3o Mundial da Sa\u00fade (OMS).<\/p>\n<\/div>\n<div class=\"mc-column content-text active-extra-styles \" data-block-type=\"unstyled\" data-block-weight=\"31\" data-block-id=\"8\">\n<p class=\"content-text__container \" data-track-category=\"Link no Texto\" data-track-links=\"\">De acordo com o servi\u00e7o de sa\u00fade p\u00fablica do Reino Unido (NHS, na sigla em ingl\u00eas), \u00e9 preciso chamar imediatamente os servi\u00e7os de emerg\u00eancia caso seja notado algum dos seguintes sintomas:<\/p>\n<\/div>\n<div class=\"mc-column content-text active-extra-styles \" data-block-type=\"unstyled\" data-block-weight=\"38\" data-block-id=\"9\">\n<p class=\"content-text__container \" data-track-category=\"Link no Texto\" data-track-links=\"\">Outros sintomas que precisam de aten\u00e7\u00e3o s\u00e3o problemas s\u00fabitos com um ou ambos os olhos; dificuldade repentina em andar; tonturas; perda de equil\u00edbrio ou falta de coordena\u00e7\u00e3o; dor de cabe\u00e7a s\u00fabita e severa; confus\u00e3o e problemas de percep\u00e7\u00e3o.<\/p>\n<\/div>\n<div class=\"mc-column content-text active-extra-styles\" data-block-type=\"raw\" data-block-weight=\"6\" data-block-id=\"10\">\n<div class=\"content-intertitle\">\n<h2>O que ocorre durante um derrame?<\/h2>\n<\/div>\n<\/div>\n<div class=\"mc-column content-text active-extra-styles \" data-block-type=\"unstyled\" data-block-weight=\"31\" data-block-id=\"11\">\n<p class=\"content-text__container \" data-track-category=\"Link no Texto\" data-track-links=\"\">Como todos os \u00f3rg\u00e3os, para funcionar corretamente, o c\u00e9rebro precisa do oxig\u00eanio e dos nutrientes que o sangue carrega. O Acidente Vascular Cerebral (AVC) ocorre quando esse fluxo sangu\u00edneo \u00e9 interrompido.<\/p>\n<\/div>\n<div class=\"mc-column content-text active-extra-styles \" data-block-type=\"unstyled\" data-block-weight=\"22\" data-block-id=\"12\">\n<p class=\"content-text__container \" data-track-category=\"Link no Texto\" data-track-links=\"\">Isso pode acontecer devido a um co\u00e1gulo que bloqueia a passagem do sangue ou a ruptura de um vaso sangu\u00edneo no c\u00e9rebro.<\/p>\n<\/div>\n<div class=\"mc-column content-text active-extra-styles \" data-block-type=\"unstyled\" data-block-weight=\"33\" data-block-id=\"13\">\n<p class=\"content-text__container \" data-track-category=\"Link no Texto\" data-track-links=\"\">O NHS estima que uma em cada quatro pessoas que sofrem um derrame cerebral morre &#8211; e aqueles que sobrevivem muitas vezes adquirem s\u00e9rios problemas de longo prazo como resultado de danos cerebrais.<\/p>\n<\/div>\n<div class=\"content-ads content-ads--reveal\" data-block-type=\"ads\" data-block-id=\"14\">\u00a0Pessoas mais velhas correm maior risco de ter um AVC, embora eles possam acontecer a qualquer idade, incluindo entre crian\u00e7as.<\/div>\n<div class=\"mc-column content-text active-extra-styles \" data-block-type=\"unstyled\" data-block-weight=\"27\" data-block-id=\"16\">\n<p class=\"content-text__container \" data-track-category=\"Link no Texto\" data-track-links=\"\">Mas, de acordo com a m\u00e9dica e apresentadora da BBC Saleyha Ahsan, a probabilidade de sofrer um derrame cerebral dobra a cada d\u00e9cada ap\u00f3s os 55 anos.<\/p>\n<\/div>\n<div class=\"mc-column content-text active-extra-styles \" data-block-type=\"unstyled\" data-block-weight=\"66\" data-block-id=\"17\">\n<p class=\"content-text__container \" data-track-category=\"Link no Texto\" data-track-links=\"\">Ainda assim, em 2015, um relat\u00f3rio da organiza\u00e7\u00e3o brit\u00e2nica Stroke Association alertou para um crescimento &#8220;preocupante&#8221; da incid\u00eancia de AVCs entre homens e mulheres mais jovens, com idade entre 40 e 54 anos. No Reino Unido, foram registrados, em 2014, 6.221 homens v\u00edtimas de AVC nesta faixa et\u00e1ria &#8211; um aumento de 1.961 casos em compara\u00e7\u00e3o a 2000. Entre as mulheres, foram 1.075 casos a mais.<\/p>\n<\/div>\n<div class=\"mc-column content-text active-extra-styles \" data-block-type=\"unstyled\" data-block-weight=\"31\" data-block-id=\"18\">\n<p class=\"content-text__container \" data-track-category=\"Link no Texto\" data-track-links=\"\">Segundo especialistas, o aumento se deve a h\u00e1bitos de vida menos saud\u00e1veis &#8211; como o aumento da obesidade, sedentarismo e dietas pobres -, al\u00e9m do crescimento populacional e mudan\u00e7as nos hospitais.<\/p>\n<\/div>\n<div class=\"mc-column content-text active-extra-styles\" data-block-type=\"raw\" data-block-weight=\"2\" data-block-id=\"19\">\n<div class=\"content-intertitle\">\n<h2>Recomenda\u00e7\u00f5es chave<\/h2>\n<\/div>\n<\/div>\n<div class=\"mc-column content-text active-extra-styles \" data-block-type=\"unstyled\" data-block-weight=\"11\" data-block-id=\"20\">\n<p class=\"content-text__container \" data-track-category=\"Link no Texto\" data-track-links=\"\">Ahsan tamb\u00e9m recomenda monitorar a taxa de batimentos card\u00edacos por minuto.<\/p>\n<\/div>\n<div class=\"mc-column content-text active-extra-styles \" data-block-type=\"unstyled\" data-block-weight=\"21\" data-block-id=\"21\">\n<p class=\"content-text__container \" data-track-category=\"Link no Texto\" data-track-links=\"\">A fibrila\u00e7\u00e3o atrial, um dist\u00farbio do ritmo card\u00edaco que gera batimentos irregulares, pode multiplicar o risco de AVC em cinco vezes.<\/p>\n<\/div>\n<div class=\"mc-column content-text active-extra-styles \" data-block-type=\"unstyled\" data-block-weight=\"22\" data-block-id=\"22\">\n<p class=\"content-text__container \" data-track-category=\"Link no Texto\" data-track-links=\"\">Al\u00e9m disso, \u00e9 importante estar atento e pedir ajuda m\u00e9dica se houver um miniderrame, conhecido na medicina como acidente isqu\u00eamico transit\u00f3rio (AIT).<\/p>\n<\/div>\n<div class=\"mc-column content-text active-extra-styles \" data-block-type=\"unstyled\" data-block-weight=\"22\" data-block-id=\"23\">\n<p class=\"content-text__container \" data-track-category=\"Link no Texto\" data-track-links=\"\">Neste caso, os sintomas s\u00e3o os mesmos, mas tempor\u00e1rios, e desaparecem antes das 24 horas. \u00c0s vezes, podem durar apenas alguns minutos.<\/p>\n<\/div>\n<div class=\"mc-column content-text active-extra-styles \" data-block-type=\"unstyled\" data-block-weight=\"26\" data-block-id=\"24\">\n<p class=\"content-text__container \" data-track-category=\"Link no Texto\" data-track-links=\"\">Mas ignor\u00e1-los \u00e9 perigoso: de acordo com Ahsan, uma em cada 12 pessoas que tem um miniderrame sofre um grande AVC em menos de uma semana.<\/p>\n<\/div>\n<div data-track-category=\"fim do conteudo\" data-track-action=\"ultimo chunk conteudo\" data-track-noninteraction=\"false\" data-track-scroll=\"entrada completa viewport\">\n<div class=\"mc-column content-text active-extra-styles \" data-block-type=\"unstyled\" data-block-weight=\"33\" data-block-id=\"25\">\n<p class=\"content-text__container \" data-track-category=\"Link no Texto\" data-track-links=\"\">Muitos especialistas alertam que, al\u00e9m da hipertens\u00e3o, colesterol, diabetes e fibrila\u00e7\u00e3o atrial existem outros fatores que aumentam o risco de sofrer um AVC, como tabagismo, obesidade, falta de atividade f\u00edsica e dieta pobre.<\/p>\n<\/div>\n<\/div>\n","protected":false},"excerpt":{"rendered":"ajuda m\u00e9dica imediata \u00e9 fundamental para limitar os danos ao c\u00e9rebro, muitas vezes devastadores, de pacientes que sofrem um Acidente Vascular Cerebral (AVC) \n<a class=\"moretag\" href=\"https:\/\/sinsaudecp.com\/?p=380\"> [Continuar leitura]<\/a>","protected":false},"author":1,"featured_media":381,"comment_status":"open","ping_status":"open","sticky":false,"template":"","format":"standard","meta":{"spay_email":"","jetpack_publicize_message":"","jetpack_is_tweetstorm":false,"jetpack_publicize_feature_enabled":true},"categories":[6,8],"tags":[],"jetpack_featured_media_url":"https:\/\/sinsaudecp.com\/wp-content\/uploads\/filmmaker-2838945-1920.jpg","jetpack_publicize_connections":[],"jetpack_sharing_enabled":true,"jetpack_shortlink":"https:\/\/wp.me\/p72KuO-68","jetpack-related-posts":[{"id":157,"url":"https:\/\/sinsaudecp.com\/?p=157","url_meta":{"origin":380,"position":0},"title":"Gripe ou resfriado? Voc\u00ea sabe a diferen\u00e7a?","date":"16 de agosto de 2016","format":false,"excerpt":"Resfriados S\u00e3o extremamente comuns, afetando quase toda a popula\u00e7\u00e3o pelo menos uma vez ao ano. Seus sintomas s\u00e3o: dor e irrita\u00e7\u00e3o na garganta, congest\u00e3o nasal, coriza, tosse, espirros e febre baixa em raras ocasi\u00f5es. Diferente da gripe, pacientes com resfriado n\u00e3o costumam ter a disposi\u00e7\u00e3o prejudicada. \u201cO resfriado n\u00e3o costuma\u2026","rel":"","context":"Em &quot;Not\u00edcias&quot;","img":{"alt_text":"","src":"https:\/\/i0.wp.com\/sinsaudecp.com\/wp-content\/uploads\/destaque-364314-gripe.jpg?resize=350%2C200&ssl=1","width":350,"height":200},"classes":[]},{"id":413,"url":"https:\/\/sinsaudecp.com\/?p=413","url_meta":{"origin":380,"position":1},"title":"Tudo sobre a FEBRE AMARELA","date":"2 de fevereiro de 2018","format":false,"excerpt":"O que \u00e9 A febre amarela \u00e9 uma doen\u00e7a infecciosa febril aguda, causada por um v\u00edrus transmitido por mosquitos vetores, e possui dois ciclos de transmiss\u00e3o: silvestre (quando h\u00e1 transmiss\u00e3o em \u00e1rea rural ou de floresta) e urbano. O v\u00edrus \u00e9 transmitido pela picada dos mosquitos transmissores infectados e n\u00e3o\u2026","rel":"","context":"Em &quot;Not\u00edcias&quot;","img":{"alt_text":"","src":"https:\/\/i0.wp.com\/sinsaudecp.com\/wp-content\/uploads\/febreamarela.jpg?resize=350%2C200&ssl=1","width":350,"height":200},"classes":[]},{"id":6,"url":"https:\/\/sinsaudecp.com\/?p=6","url_meta":{"origin":380,"position":2},"title":"CAMPANHA DEZEMBRO VERMELHO ALERTA SOBRE PREVEN\u00c7\u00c3O DA AIDS","date":"19 de janeiro de 2016","format":false,"excerpt":"O m\u00eas de dezembro \u00e9 lembrado em todo o mundo como o per\u00edodo de preven\u00e7\u00e3o e combate \u00e0 Aids. Durante esse per\u00edodo, os agentes e profissionais das unidades de sa\u00fade do munic\u00edpio tamb\u00e9m refor\u00e7am as a\u00e7\u00f5es de diagn\u00f3stico e tratamento da doen\u00e7a. De acordo com a coordenadora da Aten\u00e7\u00e3o B\u00e1sica,\u2026","rel":"","context":"Em &quot;Not\u00edcias&quot;","img":{"alt_text":"","src":"https:\/\/i0.wp.com\/sinsaudecp.com\/wp-content\/uploads\/dez.jpg?resize=350%2C200&ssl=1","width":350,"height":200},"classes":[]},{"id":1855,"url":"https:\/\/sinsaudecp.com\/?p=1855","url_meta":{"origin":380,"position":3},"title":"A REFORMA DA PREVID\u00caNCIA 1","date":"13 de dezembro de 2019","format":false,"excerpt":"Iniciaremos a an\u00e1lise dos impactos da reforma da previd\u00eancia com a ajuda do advogado Wilson Sella, que tem ajudado O SINDSAUDE e nossa categoria da Sa\u00fade de Corn\u00e9lio e Regi\u00e3o e compreender esta reforma. Por ora vamos nos fixar em tr\u00eas itens das mudan\u00e7as: S\u00e3o novas idades de aposentadoria, principalmente\u2026","rel":"","context":"Em &quot;Juridicas&quot;","img":{"alt_text":"","src":"https:\/\/i0.wp.com\/sinsaudecp.com\/wp-content\/uploads\/carteira-trabalho-tony-winton-768x512.jpg?resize=350%2C200&ssl=1","width":350,"height":200},"classes":[]},{"id":66,"url":"https:\/\/sinsaudecp.com\/?p=66","url_meta":{"origin":380,"position":4},"title":"Governo faz mudan\u00e7as no calend\u00e1rio de vacina\u00e7\u00e3o","date":"19 de janeiro de 2016","format":false,"excerpt":"O Minist\u00e9rio da Sa\u00fade anunciou ter\u00e7a-feira algumas mudan\u00e7as v\u00e1lidas para o calend\u00e1rio de vacina\u00e7\u00e3o deste ano. Sofreram altera\u00e7\u00f5es as vacinas infantis contra meningite, pneumonia, poliomielite e papilomav\u00edrus humanos (HPV). \"O Calend\u00e1rio Nacional de Vacina\u00e7\u00e3o tem mudan\u00e7as peri\u00f3dicas em fun\u00e7\u00e3o de diferentes contextos. Sempre que temos uma mudan\u00e7a na situa\u00e7\u00e3o epidemiol\u00f3gica,\u2026","rel":"","context":"Em &quot;Not\u00edcias&quot;","img":{"alt_text":"","src":"https:\/\/i0.wp.com\/sinsaudecp.com\/wp-content\/uploads\/vacinacao-vacina-criancas-20120308-original.jpeg?resize=350%2C200&ssl=1","width":350,"height":200},"classes":[]},{"id":94,"url":"https:\/\/sinsaudecp.com\/?p=94","url_meta":{"origin":380,"position":5},"title":"Evitar picada de mosquitos previne doen\u00e7as como mal\u00e1ria e dengue","date":"19 de janeiro de 2016","format":false,"excerpt":"Dengue, febre amarela, mal\u00e1ria, filariose, leishmaniose. Voc\u00ea sabia que todas essas doen\u00e7as s\u00e3o transmitidas por mosquitos? Esses mosquitos funcionam como um vetor, ou seja, \u00e9 ele que faz a transmiss\u00e3o da doen\u00e7a. Por sermos um pa\u00eds tropical, possu\u00edmos uma grande quantidade desses insetos em nosso meio. O mosquito Aedes aegypti\u2026","rel":"","context":"Em &quot;Not\u00edcias&quot;","img":{"alt_text":"","src":"https:\/\/i0.wp.com\/sinsaudecp.com\/wp-content\/uploads\/saude-chikungunya-virus-69584.jpg?resize=350%2C200&ssl=1","width":350,"height":200},"classes":[]}],"_links":{"self":[{"href":"https:\/\/sinsaudecp.com\/index.php?rest_route=\/wp\/v2\/posts\/380"}],"collection":[{"href":"https:\/\/sinsaudecp.com\/index.php?rest_route=\/wp\/v2\/posts"}],"about":[{"href":"https:\/\/sinsaudecp.com\/index.php?rest_route=\/wp\/v2\/types\/post"}],"author":[{"embeddable":true,"href":"https:\/\/sinsaudecp.com\/index.php?rest_route=\/wp\/v2\/users\/1"}],"replies":[{"embeddable":true,"href":"https:\/\/sinsaudecp.com\/index.php?rest_route=%2Fwp%2Fv2%2Fcomments&post=380"}],"version-history":[{"count":1,"href":"https:\/\/sinsaudecp.com\/index.php?rest_route=\/wp\/v2\/posts\/380\/revisions"}],"predecessor-version":[{"id":382,"href":"https:\/\/sinsaudecp.com\/index.php?rest_route=\/wp\/v2\/posts\/380\/revisions\/382"}],"wp:featuredmedia":[{"embeddable":true,"href":"https:\/\/sinsaudecp.com\/index.php?rest_route=\/wp\/v2\/media\/381"}],"wp:attachment":[{"href":"https:\/\/sinsaudecp.com\/index.php?rest_route=%2Fwp%2Fv2%2Fmedia&parent=380"}],"wp:term":[{"taxonomy":"category","embeddable":true,"href":"https:\/\/sinsaudecp.com\/index.php?rest_route=%2Fwp%2Fv2%2Fcategories&post=380"},{"taxonomy":"post_tag","embeddable":true,"href":"https:\/\/sinsaudecp.com\/index.php?rest_route=%2Fwp%2Fv2%2Ftags&post=380"}],"curies":[{"name":"wp","href":"https:\/\/api.w.org\/{rel}","templated":true}]}}