{"id":191,"date":"2017-02-16T10:54:07","date_gmt":"2017-02-16T12:54:07","guid":{"rendered":"http:\/\/sinsaudecp.com\/?p=191"},"modified":"2017-02-16T10:54:07","modified_gmt":"2017-02-16T12:54:07","slug":"saiba-quem-deve-se-vacinar-contra-a-febre-amarela","status":"publish","type":"post","link":"https:\/\/sinsaudecp.com\/?p=191","title":{"rendered":"Saiba quem deve se vacinar contra a febre amarela"},"content":{"rendered":"<p><strong>&#8211; Qual o esquema vacinal recomendado pelo Minist\u00e9rio da Sa\u00fade para a febre amarela? <\/strong><br \/>\n<em>Carla Domingues:<\/em> O esquema da febre amarela \u00e9 de duas doses, tanto para adultos quanto para crian\u00e7as. As crian\u00e7as devem receber as vacinas aos nove meses e aos quatro anos de idade. Assim, a prote\u00e7\u00e3o est\u00e1 garantida para o resto da vida. Para quem n\u00e3o tomou as doses na inf\u00e2ncia, a orienta\u00e7\u00e3o \u00e9 de uma dose da vacina e outra de refor\u00e7o, dez anos depois da primeira. As recomenda\u00e7\u00f5es s\u00e3o apenas para as pessoas que vivem ou viajam para as \u00e1reas de recomenda\u00e7\u00e3o da vacina. A popula\u00e7\u00e3o que n\u00e3o vive na \u00e1rea de recomenda\u00e7\u00e3o ou n\u00e3o vai se dirigir a essas \u00e1reas n\u00e3o precisa buscar a vacina\u00e7\u00e3o neste momento.<\/p>\n<p><strong>&#8211; No momento, com os casos confirmados no estado de Minas Gerais, h\u00e1 mudan\u00e7a na indica\u00e7\u00e3o da vacina contra a febre amarela? <\/strong><br \/>\n<em>Carla Domingues:<\/em> N\u00e3o h\u00e1 mudan\u00e7a no esquema de vacina\u00e7\u00e3o. Devem se vacinar contra a febre amarela apenas pessoas que moram nas \u00e1reas de recomenda\u00e7\u00e3o da vacina ou que viajam para essas localidades e que est\u00e3o com o esquema de vacina\u00e7\u00e3o incompleto, ou seja, quem n\u00e3o tomou as duas doses recomendadas pelo Minist\u00e9rio da Sa\u00fade. Para adultos que tomaram a primeira dose h\u00e1 menos de dez anos, tamb\u00e9m n\u00e3o h\u00e1 necessidade de adiantar a dose de refor\u00e7o.<\/p>\n<p><strong>&#8211; Para quem j\u00e1 tomou duas doses da vacina e mora nas \u00e1reas de recomenda\u00e7\u00e3o, uma terceira dose significa mais prote\u00e7\u00e3o? <\/strong><br \/>\n<em>Carla Domingues:<\/em> As duas doses s\u00e3o o suficiente para proteger durante toda a vida. Uma terceira dose n\u00e3o vai criar nenhuma prote\u00e7\u00e3o adicional. A Organiza\u00e7\u00e3o Mundial de Sa\u00fade (OMS) recomenda uma \u00fanica dose para toda a vida. O Brasil, buscando uma maior seguran\u00e7a, adota o esquema de duas doses. Portanto, quem recebeu duas doses, na inf\u00e2ncia ou na fase adulta, j\u00e1 est\u00e1 devidamente protegido e n\u00e3o precisa buscar o servi\u00e7o de sa\u00fade.<br \/>\n<strong><br \/>\n&#8211; E para quem perdeu o cart\u00e3o de vacina\u00e7\u00e3o e n\u00e3o tem conhecimento da pr\u00f3pria situa\u00e7\u00e3o vacinal, qual a orienta\u00e7\u00e3o? <\/strong><br \/>\n<em>Carla Domingues:<\/em> Quem perdeu o cart\u00e3o de vacina\u00e7\u00e3o deve procurar o servi\u00e7o de sa\u00fade que costuma frequentar e tentar resgatar o hist\u00f3rico. Caso isso n\u00e3o seja poss\u00edvel, a recomenda\u00e7\u00e3o \u00e9 iniciar o esquema normalmente. Portanto, pessoas a partir de cinco anos de idade que nunca foram vacinadas ou sem comprovante de vacina\u00e7\u00e3o devem receber a primeira dose da vacina e um refor\u00e7o, dez anos depois. Essa recomenda\u00e7\u00e3o \u00e9 apenas para as \u00e1reas de recomenda\u00e7\u00e3o da vacina. Vale destacar a situa\u00e7\u00e3o de sa\u00fade deve ser informada ao profissional de sa\u00fade, para que seja poss\u00edvel avaliar se h\u00e1 contraindica\u00e7\u00e3o.<\/p>\n<p><strong>&#8211; Quais s\u00e3o as contraindica\u00e7\u00f5es para a vacina da febre amarela?<\/strong><br \/>\n<em>Carla Domingues:<\/em> A vacina \u00e9 contraindicada para crian\u00e7as menores de seis meses, idosos acima dos 60 anos, gestantes, mulheres que amamentam crian\u00e7as de at\u00e9 seis meses, pacientes em tratamento de c\u00e2ncer e pessoas imunodeprimidas. Em situa\u00e7\u00f5es de emerg\u00eancia epidemiol\u00f3gica, vig\u00eancia de surtos, epidemias ou viagem para \u00e1rea de risco, o m\u00e9dico dever\u00e1 avaliar o benef\u00edcio e o risco da vacina\u00e7\u00e3o para estes grupos, levando em conta o risco de eventos adversos.<\/p>\n<p><strong>&#8211; Qual a orienta\u00e7\u00e3o para <\/strong><strong>turistas estrangeiros que visitam as \u00e1reas de recomenda\u00e7\u00e3o de vacina no Brasil? <\/strong><br \/>\n<em>Carla Domingues:<\/em> Para turistas que forem se dirigir a uma \u00e1rea com recomenda\u00e7\u00e3o de vacina &#8211; tanto estrangeiros quanto brasileiros \u2013 e que n\u00e3o completaram o esquema de duas doses, a recomenda\u00e7\u00e3o \u00e9 que seja vacinado pelo menos dez dias antes da viagem, que \u00e9 o tempo que a vacina leva para criar anticorpos e a pessoa estar devidamente protegida. Quem tomou a primeira dose h\u00e1 menos de dez anos n\u00e3o precisa adiantar o refor\u00e7o.<\/p>\n<p><strong>&#8211; No caso das crian\u00e7as que v\u00e3o iniciar o esquema, existe algum risco em receber a febre amarela junto com outras vacinas? <\/strong><br \/>\n<em>Carla Domingues:<\/em> A vacina para febre amarela n\u00e3o deve ser aplicada ao mesmo tempo que a vacina tr\u00edplice viral (que protege contra sarampo, rub\u00e9ola e caxumba) ou tetra viral (que protege contra sarampo, rub\u00e9ola, caxumba e varicela). Se a crian\u00e7a tiver alguma dose do Calend\u00e1rio Nacional de Vacina\u00e7\u00e3o em atraso, ela pode tomar junto com a febre amarela, com exce\u00e7\u00e3o da tr\u00edplice viral ou tetra viral. A crian\u00e7a que n\u00e3o recebeu a vacina para febre amarela nem a tr\u00edplice viral ou tetra viral e for atualizar a situa\u00e7\u00e3o vacinal, a orienta\u00e7\u00e3o \u00e9 receber a dose de febre amarela e agendar a prote\u00e7\u00e3o com a tr\u00edplice viral ou tetra viral para 30 dias depois.<\/p>\n<p>&nbsp;<\/p>\n<p><img class=\"aligncenter\" src=\"http:\/\/portalarquivos.saude.gov.br\/images\/png\/2017\/janeiro\/19\/febre-amarela.png\" alt=\"\" \/><\/p>\n","protected":false},"excerpt":{"rendered":"&#8211; Qual o esquema vacinal recomendado pelo Minist\u00e9rio da Sa\u00fade para a febre amarela? Carla Domingues: O esquema da febre amarela \u00e9 de \n<a class=\"moretag\" href=\"https:\/\/sinsaudecp.com\/?p=191\"> [Continuar leitura]<\/a>","protected":false},"author":1,"featured_media":192,"comment_status":"open","ping_status":"open","sticky":false,"template":"","format":"standard","meta":{"spay_email":"","jetpack_publicize_message":"","jetpack_is_tweetstorm":false,"jetpack_publicize_feature_enabled":true},"categories":[6,8],"tags":[],"jetpack_featured_media_url":"https:\/\/sinsaudecp.com\/wp-content\/uploads\/febre-amarela.jpg","jetpack_publicize_connections":[],"jetpack_sharing_enabled":true,"jetpack_shortlink":"https:\/\/wp.me\/p72KuO-35","jetpack-related-posts":[{"id":413,"url":"https:\/\/sinsaudecp.com\/?p=413","url_meta":{"origin":191,"position":0},"title":"Tudo sobre a FEBRE AMARELA","date":"2 de fevereiro de 2018","format":false,"excerpt":"O que \u00e9 A febre amarela \u00e9 uma doen\u00e7a infecciosa febril aguda, causada por um v\u00edrus transmitido por mosquitos vetores, e possui dois ciclos de transmiss\u00e3o: silvestre (quando h\u00e1 transmiss\u00e3o em \u00e1rea rural ou de floresta) e urbano. O v\u00edrus \u00e9 transmitido pela picada dos mosquitos transmissores infectados e n\u00e3o\u2026","rel":"","context":"Em &quot;Not\u00edcias&quot;","img":{"alt_text":"","src":"https:\/\/i0.wp.com\/sinsaudecp.com\/wp-content\/uploads\/febreamarela.jpg?resize=350%2C200&ssl=1","width":350,"height":200},"classes":[]},{"id":94,"url":"https:\/\/sinsaudecp.com\/?p=94","url_meta":{"origin":191,"position":1},"title":"Evitar picada de mosquitos previne doen\u00e7as como mal\u00e1ria e dengue","date":"19 de janeiro de 2016","format":false,"excerpt":"Dengue, febre amarela, mal\u00e1ria, filariose, leishmaniose. Voc\u00ea sabia que todas essas doen\u00e7as s\u00e3o transmitidas por mosquitos? Esses mosquitos funcionam como um vetor, ou seja, \u00e9 ele que faz a transmiss\u00e3o da doen\u00e7a. Por sermos um pa\u00eds tropical, possu\u00edmos uma grande quantidade desses insetos em nosso meio. O mosquito Aedes aegypti\u2026","rel":"","context":"Em &quot;Not\u00edcias&quot;","img":{"alt_text":"","src":"https:\/\/i0.wp.com\/sinsaudecp.com\/wp-content\/uploads\/saude-chikungunya-virus-69584.jpg?resize=350%2C200&ssl=1","width":350,"height":200},"classes":[]},{"id":154,"url":"https:\/\/sinsaudecp.com\/?p=154","url_meta":{"origin":191,"position":2},"title":"Paran\u00e1 inicia campanha in\u00e9dita de vacina\u00e7\u00e3o contra a dengue","date":"16 de agosto de 2016","format":false,"excerpt":"Trinta munic\u00edpios do Paran\u00e1 come\u00e7aram a oferecer doses de vacina contra a dengue na rede p\u00fablica de sa\u00fade neste fim de semana. O Dia D da primeira campanha de vacina\u00e7\u00e3o contra a dengue das Am\u00e9ricas foi nesse s\u00e1bado (13). A expectativa do governo \u00e9 imunizar cerca de 500 mil pessoas.\u2026","rel":"","context":"Em &quot;Not\u00edcias&quot;","img":{"alt_text":"","src":"https:\/\/i0.wp.com\/sinsaudecp.com\/wp-content\/uploads\/Vacina-contra-dengue.jpg?resize=350%2C200&ssl=1","width":350,"height":200},"classes":[]},{"id":66,"url":"https:\/\/sinsaudecp.com\/?p=66","url_meta":{"origin":191,"position":3},"title":"Governo faz mudan\u00e7as no calend\u00e1rio de vacina\u00e7\u00e3o","date":"19 de janeiro de 2016","format":false,"excerpt":"O Minist\u00e9rio da Sa\u00fade anunciou ter\u00e7a-feira algumas mudan\u00e7as v\u00e1lidas para o calend\u00e1rio de vacina\u00e7\u00e3o deste ano. Sofreram altera\u00e7\u00f5es as vacinas infantis contra meningite, pneumonia, poliomielite e papilomav\u00edrus humanos (HPV). \"O Calend\u00e1rio Nacional de Vacina\u00e7\u00e3o tem mudan\u00e7as peri\u00f3dicas em fun\u00e7\u00e3o de diferentes contextos. Sempre que temos uma mudan\u00e7a na situa\u00e7\u00e3o epidemiol\u00f3gica,\u2026","rel":"","context":"Em &quot;Not\u00edcias&quot;","img":{"alt_text":"","src":"https:\/\/i0.wp.com\/sinsaudecp.com\/wp-content\/uploads\/vacinacao-vacina-criancas-20120308-original.jpeg?resize=350%2C200&ssl=1","width":350,"height":200},"classes":[]},{"id":157,"url":"https:\/\/sinsaudecp.com\/?p=157","url_meta":{"origin":191,"position":4},"title":"Gripe ou resfriado? Voc\u00ea sabe a diferen\u00e7a?","date":"16 de agosto de 2016","format":false,"excerpt":"Resfriados S\u00e3o extremamente comuns, afetando quase toda a popula\u00e7\u00e3o pelo menos uma vez ao ano. Seus sintomas s\u00e3o: dor e irrita\u00e7\u00e3o na garganta, congest\u00e3o nasal, coriza, tosse, espirros e febre baixa em raras ocasi\u00f5es. Diferente da gripe, pacientes com resfriado n\u00e3o costumam ter a disposi\u00e7\u00e3o prejudicada. \u201cO resfriado n\u00e3o costuma\u2026","rel":"","context":"Em &quot;Not\u00edcias&quot;","img":{"alt_text":"","src":"https:\/\/i0.wp.com\/sinsaudecp.com\/wp-content\/uploads\/destaque-364314-gripe.jpg?resize=350%2C200&ssl=1","width":350,"height":200},"classes":[]},{"id":2076,"url":"https:\/\/sinsaudecp.com\/?p=2076","url_meta":{"origin":191,"position":5},"title":"COMUNICADO SOBRE O CORONAV\u00cdRUS (COVID-19)","date":"17 de mar\u00e7o de 2020","format":false,"excerpt":"O SINSAUDECP \u2013 Sindicato dos Empregados em Estabelecimentos de Servi\u00e7o de Sa\u00fade de Corn\u00e9lio Proc\u00f3pio e Regi\u00e3o, como representante dos trabalhadores da \u00e1rea da sa\u00fade, acompanha com temor as not\u00edcias vinculadas ao coronav\u00edrus (COVID-19) e os danos causados aos indiv\u00edduos infectados e tamb\u00e9m a toda coletividade. Apesar do cen\u00e1rio cr\u00edtico,\u2026","rel":"","context":"Em &quot;Juridicas&quot;","img":{"alt_text":"","src":"https:\/\/i0.wp.com\/sinsaudecp.com\/wp-content\/uploads\/8314403_x720-1.jpg?resize=350%2C200&ssl=1","width":350,"height":200},"classes":[]}],"_links":{"self":[{"href":"https:\/\/sinsaudecp.com\/index.php?rest_route=\/wp\/v2\/posts\/191"}],"collection":[{"href":"https:\/\/sinsaudecp.com\/index.php?rest_route=\/wp\/v2\/posts"}],"about":[{"href":"https:\/\/sinsaudecp.com\/index.php?rest_route=\/wp\/v2\/types\/post"}],"author":[{"embeddable":true,"href":"https:\/\/sinsaudecp.com\/index.php?rest_route=\/wp\/v2\/users\/1"}],"replies":[{"embeddable":true,"href":"https:\/\/sinsaudecp.com\/index.php?rest_route=%2Fwp%2Fv2%2Fcomments&post=191"}],"version-history":[{"count":1,"href":"https:\/\/sinsaudecp.com\/index.php?rest_route=\/wp\/v2\/posts\/191\/revisions"}],"predecessor-version":[{"id":193,"href":"https:\/\/sinsaudecp.com\/index.php?rest_route=\/wp\/v2\/posts\/191\/revisions\/193"}],"wp:featuredmedia":[{"embeddable":true,"href":"https:\/\/sinsaudecp.com\/index.php?rest_route=\/wp\/v2\/media\/192"}],"wp:attachment":[{"href":"https:\/\/sinsaudecp.com\/index.php?rest_route=%2Fwp%2Fv2%2Fmedia&parent=191"}],"wp:term":[{"taxonomy":"category","embeddable":true,"href":"https:\/\/sinsaudecp.com\/index.php?rest_route=%2Fwp%2Fv2%2Fcategories&post=191"},{"taxonomy":"post_tag","embeddable":true,"href":"https:\/\/sinsaudecp.com\/index.php?rest_route=%2Fwp%2Fv2%2Ftags&post=191"}],"curies":[{"name":"wp","href":"https:\/\/api.w.org\/{rel}","templated":true}]}}