{"id":1855,"date":"2019-12-13T10:18:58","date_gmt":"2019-12-13T12:18:58","guid":{"rendered":"http:\/\/sinsaudecp.com\/?p=1855"},"modified":"2019-12-13T10:45:56","modified_gmt":"2019-12-13T12:45:56","slug":"a-reforma-da-previdencia-1","status":"publish","type":"post","link":"https:\/\/sinsaudecp.com\/?p=1855","title":{"rendered":"A REFORMA DA PREVID\u00caNCIA 1"},"content":{"rendered":"<p><span style=\"color: #172938;\"><span style=\"font-family: Arial, serif;\">Iniciaremos a an\u00e1lise dos impactos da reforma da previd\u00eancia com a ajuda do advogado Wilson Sella, que tem ajudado O SINDSAUDE e nossa categoria da Sa\u00fade de Corn\u00e9lio e Regi\u00e3o e compreender esta reforma. Por ora vamos nos fixar em tr\u00eas itens das mudan\u00e7as:<\/span><\/span><\/p>\n<ol>\n<li><span style=\"color: #172938;\"><span style=\"font-family: Arial, serif;\">S\u00e3o novas idades de aposentadoria, principalmente para as mulheres que passou de 60 para 62 anos de idade.<\/span><\/span><\/li>\n<li><span style=\"color: #172938;\"><span style=\"font-family: Arial, serif;\">Novo tempo m\u00ednimo de contribui\u00e7\u00e3o para os homens: de 15 para 20 anos de contribui\u00e7\u00e3o; e<\/span><\/span><\/li>\n<li><span style=\"color: #172938;\"><span style=\"font-family: Arial, serif;\">Fixou regras de transi\u00e7\u00e3o para quem j\u00e1 \u00e9 segurado.<\/span><\/span><\/li>\n<\/ol>\n<p><span style=\"color: #172938;\"><span style=\"font-family: Arial, serif;\">Segundo o governo federal a economia \u00e9 de cerca de R$ 800 bilh\u00f5es em 10 anos. No entanto entenda-se que este dinheiro na verdade tinha como destino as aposentadoria dos trabalhadores contribuintes. Agora este dinheiro ficar\u00e1 com o governo. Ou seja, o governo economizou retirando dinheiro dos trabalhadores contribuintes. <\/span><\/span><\/p>\n<p><strong><span style=\"color: #172938;\"><span style=\"font-family: Arial, serif;\">E o valor da aposentadoria, como fica?<\/span><\/span><\/strong><\/p>\n<p><span style=\"color: #172938;\"><span style=\"font-family: Arial, serif;\">O valor das aposentadorias n\u00e3o ser\u00e1 inferior a um sal\u00e1rio.. No entanto muda a forma de calcular. O valor ser\u00e1 definido levando em considera\u00e7\u00e3o todas as contribui\u00e7\u00f5es feitas pelo segurado desde julho de 1994. Atualmente, o c\u00e1lculo \u00e9 feito com base nas 80% maiores contribui\u00e7\u00f5es efetuadas nesse mesmo per\u00edodo. Um enorme preju\u00edzo do trabalhador. <\/span><\/span><\/p>\n<p><span style=\"color: #172938;\"><span style=\"font-family: Arial, serif;\">E quem est\u00e1 para se aposentar? <\/span><\/span><\/p>\n<p><b><span style=\"color: #172938;\"><span style=\"font-family: Arial, serif;\">Transi\u00e7\u00e3o com idade m\u00ednima e ped\u00e1gio de 100%<\/span><\/span><\/b><\/p>\n<p><span style=\"color: #172938;\"><span style=\"font-family: Arial, serif;\"><br \/>\n<\/span><\/span><span style=\"color: #172938;\"><span style=\"font-family: Arial, serif;\">Essa regra estabelece uma idade m\u00ednima e um ped\u00e1gio de 100% do tempo que faltar para atingir o tempo m\u00ednimo de contribui\u00e7\u00e3o (30 anos para elas e 35 anos para eles).<\/span><\/span><\/p>\n<p><span style=\"color: #172938;\"><span style=\"font-family: Arial, serif;\"><b>E a aposentadoria especial? Continua valendo?<\/b><\/span><\/span><\/p>\n<p><a name=\"_GoBack\"><\/a> <span style=\"color: #172938;\"><span style=\"font-family: Arial, serif;\">Sim, para os trabalhadores que tem exposi\u00e7\u00e3o a agentes nocivos, ter\u00e3o direito a aposentadoria especial, mas com muitas mudan\u00e7as no c\u00e1lculo.<\/span><\/span><\/p>\n<p><span style=\"color: #172938;\"><span style=\"font-family: Arial, serif;\">Exposi\u00e7\u00e3o a agentes nocivos conforme o grau, 66, 76 e 86 pontos, ter\u00e3o contagem diferenciadas. Este tema ser\u00e1 comentado em outra ocasi\u00e3o, diante da sua complexidade e anomalia na reforma. <\/span><\/span><\/p>\n","protected":false},"excerpt":{"rendered":"Iniciaremos a an\u00e1lise dos impactos da reforma da previd\u00eancia com a ajuda do advogado Wilson Sella, que tem ajudado O SINDSAUDE e nossa \n<a class=\"moretag\" href=\"https:\/\/sinsaudecp.com\/?p=1855\"> [Continuar leitura]<\/a>","protected":false},"author":1,"featured_media":1859,"comment_status":"open","ping_status":"open","sticky":false,"template":"","format":"standard","meta":{"spay_email":"","jetpack_publicize_message":"","jetpack_is_tweetstorm":false,"jetpack_publicize_feature_enabled":true},"categories":[7,6,8],"tags":[],"jetpack_featured_media_url":"https:\/\/sinsaudecp.com\/wp-content\/uploads\/carteira-trabalho-tony-winton-768x512.jpg","jetpack_publicize_connections":[],"jetpack_sharing_enabled":true,"jetpack_shortlink":"https:\/\/wp.me\/p72KuO-tV","jetpack-related-posts":[{"id":147,"url":"https:\/\/sinsaudecp.com\/?p=147","url_meta":{"origin":1855,"position":0},"title":"07 de abril &#8211; Dia Mundial da Sa\u00fade","date":"7 de abril de 2016","format":false,"excerpt":"O Dia Mundial da Sa\u00fade \u00e9 comemorado em 07 de abril porque essa data coincide com a data de cria\u00e7\u00e3o da Organiza\u00e7\u00e3o Mundial da Sa\u00fade (OMS) em 1948. O objetivo dessa comemora\u00e7\u00e3o \u00e9 conscientizar a popula\u00e7\u00e3o a respeito da import\u00e2ncia de manter o corpo e a mente saud\u00e1veis e tamb\u00e9m\u2026","rel":"","context":"Em &quot;Not\u00edcias&quot;","img":{"alt_text":"","src":"https:\/\/i0.wp.com\/sinsaudecp.com\/wp-content\/uploads\/0504_FB_Dia_da_Sau\u0301de-01.jpg?resize=350%2C200&ssl=1","width":350,"height":200},"classes":[]},{"id":6,"url":"https:\/\/sinsaudecp.com\/?p=6","url_meta":{"origin":1855,"position":1},"title":"CAMPANHA DEZEMBRO VERMELHO ALERTA SOBRE PREVEN\u00c7\u00c3O DA AIDS","date":"19 de janeiro de 2016","format":false,"excerpt":"O m\u00eas de dezembro \u00e9 lembrado em todo o mundo como o per\u00edodo de preven\u00e7\u00e3o e combate \u00e0 Aids. Durante esse per\u00edodo, os agentes e profissionais das unidades de sa\u00fade do munic\u00edpio tamb\u00e9m refor\u00e7am as a\u00e7\u00f5es de diagn\u00f3stico e tratamento da doen\u00e7a. De acordo com a coordenadora da Aten\u00e7\u00e3o B\u00e1sica,\u2026","rel":"","context":"Em &quot;Not\u00edcias&quot;","img":{"alt_text":"","src":"https:\/\/i0.wp.com\/sinsaudecp.com\/wp-content\/uploads\/dez.jpg?resize=350%2C200&ssl=1","width":350,"height":200},"classes":[]},{"id":2076,"url":"https:\/\/sinsaudecp.com\/?p=2076","url_meta":{"origin":1855,"position":2},"title":"COMUNICADO SOBRE O CORONAV\u00cdRUS (COVID-19)","date":"17 de mar\u00e7o de 2020","format":false,"excerpt":"O SINSAUDECP \u2013 Sindicato dos Empregados em Estabelecimentos de Servi\u00e7o de Sa\u00fade de Corn\u00e9lio Proc\u00f3pio e Regi\u00e3o, como representante dos trabalhadores da \u00e1rea da sa\u00fade, acompanha com temor as not\u00edcias vinculadas ao coronav\u00edrus (COVID-19) e os danos causados aos indiv\u00edduos infectados e tamb\u00e9m a toda coletividade. Apesar do cen\u00e1rio cr\u00edtico,\u2026","rel":"","context":"Em &quot;Juridicas&quot;","img":{"alt_text":"","src":"https:\/\/i0.wp.com\/sinsaudecp.com\/wp-content\/uploads\/8314403_x720-1.jpg?resize=350%2C200&ssl=1","width":350,"height":200},"classes":[]},{"id":66,"url":"https:\/\/sinsaudecp.com\/?p=66","url_meta":{"origin":1855,"position":3},"title":"Governo faz mudan\u00e7as no calend\u00e1rio de vacina\u00e7\u00e3o","date":"19 de janeiro de 2016","format":false,"excerpt":"O Minist\u00e9rio da Sa\u00fade anunciou ter\u00e7a-feira algumas mudan\u00e7as v\u00e1lidas para o calend\u00e1rio de vacina\u00e7\u00e3o deste ano. Sofreram altera\u00e7\u00f5es as vacinas infantis contra meningite, pneumonia, poliomielite e papilomav\u00edrus humanos (HPV). \"O Calend\u00e1rio Nacional de Vacina\u00e7\u00e3o tem mudan\u00e7as peri\u00f3dicas em fun\u00e7\u00e3o de diferentes contextos. Sempre que temos uma mudan\u00e7a na situa\u00e7\u00e3o epidemiol\u00f3gica,\u2026","rel":"","context":"Em &quot;Not\u00edcias&quot;","img":{"alt_text":"","src":"https:\/\/i0.wp.com\/sinsaudecp.com\/wp-content\/uploads\/vacinacao-vacina-criancas-20120308-original.jpeg?resize=350%2C200&ssl=1","width":350,"height":200},"classes":[]},{"id":154,"url":"https:\/\/sinsaudecp.com\/?p=154","url_meta":{"origin":1855,"position":4},"title":"Paran\u00e1 inicia campanha in\u00e9dita de vacina\u00e7\u00e3o contra a dengue","date":"16 de agosto de 2016","format":false,"excerpt":"Trinta munic\u00edpios do Paran\u00e1 come\u00e7aram a oferecer doses de vacina contra a dengue na rede p\u00fablica de sa\u00fade neste fim de semana. O Dia D da primeira campanha de vacina\u00e7\u00e3o contra a dengue das Am\u00e9ricas foi nesse s\u00e1bado (13). A expectativa do governo \u00e9 imunizar cerca de 500 mil pessoas.\u2026","rel":"","context":"Em &quot;Not\u00edcias&quot;","img":{"alt_text":"","src":"https:\/\/i0.wp.com\/sinsaudecp.com\/wp-content\/uploads\/Vacina-contra-dengue.jpg?resize=350%2C200&ssl=1","width":350,"height":200},"classes":[]},{"id":191,"url":"https:\/\/sinsaudecp.com\/?p=191","url_meta":{"origin":1855,"position":5},"title":"Saiba quem deve se vacinar contra a febre amarela","date":"16 de fevereiro de 2017","format":false,"excerpt":"- Qual o esquema vacinal recomendado pelo Minist\u00e9rio da Sa\u00fade para a febre amarela? Carla Domingues: O esquema da febre amarela \u00e9 de duas doses, tanto para adultos quanto para crian\u00e7as. As crian\u00e7as devem receber as vacinas aos nove meses e aos quatro anos de idade. Assim, a prote\u00e7\u00e3o est\u00e1\u2026","rel":"","context":"Em &quot;Not\u00edcias&quot;","img":{"alt_text":"","src":"https:\/\/i0.wp.com\/sinsaudecp.com\/wp-content\/uploads\/febre-amarela.jpg?resize=350%2C200&ssl=1","width":350,"height":200},"classes":[]}],"_links":{"self":[{"href":"https:\/\/sinsaudecp.com\/index.php?rest_route=\/wp\/v2\/posts\/1855"}],"collection":[{"href":"https:\/\/sinsaudecp.com\/index.php?rest_route=\/wp\/v2\/posts"}],"about":[{"href":"https:\/\/sinsaudecp.com\/index.php?rest_route=\/wp\/v2\/types\/post"}],"author":[{"embeddable":true,"href":"https:\/\/sinsaudecp.com\/index.php?rest_route=\/wp\/v2\/users\/1"}],"replies":[{"embeddable":true,"href":"https:\/\/sinsaudecp.com\/index.php?rest_route=%2Fwp%2Fv2%2Fcomments&post=1855"}],"version-history":[{"count":1,"href":"https:\/\/sinsaudecp.com\/index.php?rest_route=\/wp\/v2\/posts\/1855\/revisions"}],"predecessor-version":[{"id":1857,"href":"https:\/\/sinsaudecp.com\/index.php?rest_route=\/wp\/v2\/posts\/1855\/revisions\/1857"}],"wp:featuredmedia":[{"embeddable":true,"href":"https:\/\/sinsaudecp.com\/index.php?rest_route=\/wp\/v2\/media\/1859"}],"wp:attachment":[{"href":"https:\/\/sinsaudecp.com\/index.php?rest_route=%2Fwp%2Fv2%2Fmedia&parent=1855"}],"wp:term":[{"taxonomy":"category","embeddable":true,"href":"https:\/\/sinsaudecp.com\/index.php?rest_route=%2Fwp%2Fv2%2Fcategories&post=1855"},{"taxonomy":"post_tag","embeddable":true,"href":"https:\/\/sinsaudecp.com\/index.php?rest_route=%2Fwp%2Fv2%2Ftags&post=1855"}],"curies":[{"name":"wp","href":"https:\/\/api.w.org\/{rel}","templated":true}]}}